{"id":2193,"date":"2026-03-10T09:40:52","date_gmt":"2026-03-10T09:40:52","guid":{"rendered":"https:\/\/divorciointeligente.com\/quais-sao-os-direitos-dos-avos-sobre-os-netos\/"},"modified":"2026-03-13T13:44:00","modified_gmt":"2026-03-13T13:44:00","slug":"quais-sao-os-direitos-dos-avos-sobre-os-netos","status":"publish","type":"post","link":"https:\/\/divorciointeligente.com\/pt-br\/quais-sao-os-direitos-dos-avos-sobre-os-netos\/","title":{"rendered":"Quais s\u00e3o os direitos dos av\u00f3s sobre os netos?"},"content":{"rendered":"\n<p>Se pensarmos na fam\u00edlia tradicional, \u00e9 dif\u00edcil imagin\u00e1-la sem a figura dos av\u00f3s. Al\u00e9m das hist\u00f3rias compartilhadas ou dos encontros familiares, <strong>os av\u00f3s desempenham um papel fundamental no desenvolvimento emocional e social dos menores<\/strong>. Sua presen\u00e7a traz estabilidade, transmiss\u00e3o de valores e uma conex\u00e3o intergeracional que enriquece o ambiente familiar. Por esse motivo, a rela\u00e7\u00e3o entre av\u00f3s e netos n\u00e3o tem apenas relev\u00e2ncia afetiva, mas tamb\u00e9m foi <strong>reconhecida e protegida pelo ordenamento jur\u00eddico espanhol<\/strong>.   <\/p>\n\n<p>A legisla\u00e7\u00e3o espanhola entende que este v\u00ednculo familiar tem um valor especial dentro da estrutura familiar. De fato, tanto a normativa vigente quanto a jurisprud\u00eancia do Supremo Tribunal destacaram que <strong>manter o contato entre av\u00f3s e netos costuma ser ben\u00e9fico para o menor<\/strong>, desde que tal rela\u00e7\u00e3o contribua positivamente para o seu bem-estar. Em muitos casos, quando surgem conflitos familiares ap\u00f3s uma separa\u00e7\u00e3o ou div\u00f3rcio, \u00e9 recomend\u00e1vel contar com a orienta\u00e7\u00e3o de <a href=\"https:\/\/www.divorciointeligente.com\/\"><strong>advogados de fam\u00edlia em Madri<\/strong><\/a> que possam analisar a situa\u00e7\u00e3o e explicar quais op\u00e7\u00f5es legais existem para proteger este v\u00ednculo.  <\/p>\n\n<p>Este reconhecimento legal responde a uma realidade que durante anos gerou in\u00fameros conflitos familiares: ap\u00f3s certos div\u00f3rcios ou rupturas, <strong>muitos av\u00f3s perdiam completamente o contato com seus netos<\/strong>. Para evitar essas situa\u00e7\u00f5es, a lei foi incorporando mecanismos que permitem preservar esta rela\u00e7\u00e3o quando ela \u00e9 ben\u00e9fica para o menor, lembrando que, em \u00faltima inst\u00e2ncia, <strong>o que se protege \u00e9 o direito da crian\u00e7a de manter rela\u00e7\u00f5es familiares saud\u00e1veis<\/strong>. <\/p>\n\n<h3 class=\"wp-block-heading\"><strong>Benef\u00edcios emocionais e sociais para os menores<\/strong><\/h3>\n\n<p>In\u00fameros estudos em psicologia infantil coincidem que a rela\u00e7\u00e3o entre av\u00f3s e netos traz benef\u00edcios significativos para o desenvolvimento emocional das crian\u00e7as. Os av\u00f3s costumam representar uma figura de apoio, compreens\u00e3o e paci\u00eancia. N\u00e3o t\u00eam a press\u00e3o educativa direta que os pais t\u00eam, o que lhes permite oferecer um tipo de v\u00ednculo mais relaxado e afetivo.  <\/p>\n\n<p>Do ponto de vista social, os av\u00f3s ajudam a transmitir valores familiares, hist\u00f3rias e tradi\u00e7\u00f5es. S\u00e3o, de certa forma, os guardi\u00f5es da mem\u00f3ria familiar. Para uma crian\u00e7a, ouvir relatos sobre gera\u00e7\u00f5es anteriores ou aprender costumes familiares cria uma identidade mais s\u00f3lida. \u00c9 como construir uma \u00e1rvore geneal\u00f3gica emocional onde cada ramo representa uma experi\u00eancia compartilhada.   <\/p>\n\n<p>Al\u00e9m disso, em muitas fam\u00edlias os av\u00f3s desempenham um papel ativo no cuidado di\u00e1rio dos menores. Na Espanha, grande parte dos av\u00f3s cuida regularmente de seus netos para ajudar seus filhos a conciliar trabalho e vida familiar. Esse apoio tornou-se especialmente importante em uma sociedade onde ambos os pais costumam trabalhar.  <\/p>\n\n<p>Sob a perspectiva jur\u00eddica, todos esses fatores influenciam as decis\u00f5es dos tribunais. Quando um juiz deve decidir se um av\u00f4 ou av\u00f3 pode ter visitas com seu neto, um dos principais crit\u00e9rios \u00e9 precisamente o benef\u00edcio emocional que essa rela\u00e7\u00e3o traz ao menor. <\/p>\n\n<p>Em suma, a lei n\u00e3o protege a rela\u00e7\u00e3o av\u00f3s-netos apenas por tradi\u00e7\u00e3o, mas porque considera que ela pode ser fundamental para o bem-estar da crian\u00e7a.<\/p>\n\n<h2 class=\"wp-block-heading\"><strong>O que diz a lei espanhola sobre os direitos dos av\u00f3s<\/strong><\/h2>\n\n<h3 class=\"wp-block-heading\"><strong>O artigo 160 do C\u00f3digo Civil<\/strong><\/h3>\n\n<p>A base legal principal sobre os direitos dos av\u00f3s na Espanha encontra-se no <strong>artigo 160 do C\u00f3digo Civil<\/strong>. Este artigo estabelece que <strong>n\u00e3o se podem impedir, sem causa justificada, as rela\u00e7\u00f5es pessoais do menor com seus av\u00f3s, irm\u00e3os ou outros parentes pr\u00f3ximos<\/strong>. <\/p>\n\n<p>Isso significa que, em princ\u00edpio, as crian\u00e7as t\u00eam direito a manter contato com seus av\u00f3s. Se os pais tentarem impedir essa rela\u00e7\u00e3o sem um motivo v\u00e1lido, os av\u00f3s podem recorrer aos tribunais para solicitar um regime de visitas. <\/p>\n\n<p>\u00c9 importante entender que este direito n\u00e3o \u00e9 absoluto. A lei sempre coloca \u00e0 frente o <strong>melhor interesse do menor<\/strong>, um princ\u00edpio fundamental do direito de fam\u00edlia. Isso implica que qualquer decis\u00e3o sobre visitas, guarda ou conviv\u00eancia deve ser avaliada pensando primeiro no bem-estar da crian\u00e7a.  <\/p>\n\n<p>Por exemplo, se um av\u00f4 ou av\u00f3 tiver condutas que possam prejudicar o menor \u2014 como viol\u00eancia, manipula\u00e7\u00e3o emocional ou v\u00edcios graves \u2014 o juiz pode limitar ou at\u00e9 proibir o contato. Mas se n\u00e3o houver um risco real, os tribunais costumam favorecer a continuidade da rela\u00e7\u00e3o familiar. Em casos especialmente delicados, podem at\u00e9 ser adotadas medidas de prote\u00e7\u00e3o ao menor por meio da <a href=\"https:\/\/divorciointeligente.com\/pt-br\/autorizacao-judicial-do-artigo-158-cc\/\">autoriza\u00e7\u00e3o judicial do artigo 158<\/a> do C\u00f3digo Civil.  <\/p>\n\n<p>O Supremo Tribunal reiterou em v\u00e1rias senten\u00e7as que <strong>as diferen\u00e7as ou conflitos entre pais e av\u00f3s n\u00e3o s\u00e3o motivo suficiente para impedir a rela\u00e7\u00e3o com os netos<\/strong>.<\/p>\n\n<p>Em outras palavras, os problemas entre adultos n\u00e3o deveriam romper o v\u00ednculo entre gera\u00e7\u00f5es.<\/p>\n\n<h3 class=\"wp-block-heading\"><strong>Reformas legais que refor\u00e7aram esses direitos<\/strong><\/h3>\n\n<p>Embora o C\u00f3digo Civil j\u00e1 contemplasse certas rela\u00e7\u00f5es familiares, o reconhecimento claro do direito dos av\u00f3s de se relacionarem com seus netos foi refor\u00e7ado especialmente com a <strong>Lei 42\/2003<\/strong>. Esta reforma introduziu mudan\u00e7as importantes na regula\u00e7\u00e3o do direito de visitas. <\/p>\n\n<p>Um dos aspectos mais relevantes foi inverter o \u00f4nus da prova. Antes, os av\u00f3s deviam demonstrar que sua rela\u00e7\u00e3o com os netos era ben\u00e9fica. Ap\u00f3s a reforma, a situa\u00e7\u00e3o mudou: <strong>s\u00e3o os pais que devem demonstrar que existe uma causa justificada para impedir o contato<\/strong>.  <\/p>\n\n<p>Essa mudan\u00e7a legal representou uma grande prote\u00e7\u00e3o para as rela\u00e7\u00f5es familiares. A partir de ent\u00e3o, muitos tribunais come\u00e7aram a reconhecer com maior frequ\u00eancia o direito dos av\u00f3s de verem seus netos, especialmente em casos de div\u00f3rcio ou conflitos familiares. <\/p>\n\n<p>Al\u00e9m disso, o sistema judicial vem adaptando a normativa \u00e0 realidade social. Por exemplo, em algumas situa\u00e7\u00f5es tamb\u00e9m se reconhece esse direito a pessoas que exerceram o papel de av\u00f3s, mesmo que n\u00e3o exista v\u00ednculo biol\u00f3gico. <\/p>\n\n<p>Tudo isso demonstra que a legisla\u00e7\u00e3o evoluiu para se adaptar \u00e0s novas estruturas familiares.<\/p>\n\n<h2 class=\"wp-block-heading\"><strong>Direito de visitas dos av\u00f3s<\/strong><\/h2>\n\n<h3 class=\"wp-block-heading\"><strong>Em que consiste o regime de visitas<\/strong><\/h3>\n\n<p>O <strong>regime de visitas dos av\u00f3s<\/strong> \u00e9 o mecanismo legal que permite estabelecer quando e como eles podem se relacionar com seus netos quando existe um conflito com os pais. Este regime pode ser fixado por meio de acordo familiar ou por decis\u00e3o judicial. <\/p>\n\n<p>Quando um juiz interv\u00e9m, o objetivo \u00e9 criar um sistema equilibrado que permita manter a rela\u00e7\u00e3o sem interferir na autoridade parental nem na rotina do menor. O tribunal pode estabelecer visitas peri\u00f3dicas, chamadas telef\u00f4nicas ou at\u00e9 estadias tempor\u00e1rias durante as f\u00e9rias. <\/p>\n\n<p>A dura\u00e7\u00e3o e a frequ\u00eancia das visitas variam conforme cada caso. Alguns exemplos comuns incluem: <\/p>\n\n<ul class=\"wp-block-list\">\n<li>Um dia por m\u00eas.<\/li>\n\n\n\n<li>Um fim de semana de tempos em tempos.<\/li>\n\n\n\n<li>Algumas horas em datas comemorativas.<\/li>\n<\/ul>\n\n<p>Os ju\u00edzes tamb\u00e9m levam em conta fatores como a idade da crian\u00e7a, a dist\u00e2ncia entre as resid\u00eancias e a rela\u00e7\u00e3o pr\u00e9via entre av\u00f3s e netos.<\/p>\n\n<h3 class=\"wp-block-heading\"><strong>Situa\u00e7\u00f5es comuns em que \u00e9 solicitado<\/strong><\/h3>\n\n<p>Na pr\u00e1tica, os av\u00f3s costumam solicitar um regime de visitas em situa\u00e7\u00f5es como:<\/p>\n\n<ul class=\"wp-block-list\">\n<li><strong>Div\u00f3rcio ou separa\u00e7\u00e3o dos pais.<\/strong><\/li>\n\n\n\n<li><strong>Falecimento de um dos genitores.<\/strong><\/li>\n\n\n\n<li><strong>Conflitos familiares graves.<\/strong><\/li>\n\n\n\n<li><strong>Proibi\u00e7\u00e3o de contato por parte dos pais.<\/strong><\/li>\n<\/ul>\n\n<p>Em muitos casos, os av\u00f3s tinham uma rela\u00e7\u00e3o pr\u00f3xima com os netos antes do conflito. Quando essa rela\u00e7\u00e3o \u00e9 rompida repentinamente, os tribunais costumam considerar que isso pode ser prejudicial para o menor. <\/p>\n\n<p>Por essa raz\u00e3o, a justi\u00e7a tenta manter o v\u00ednculo sempre que poss\u00edvel, especialmente dentro de procedimentos de <a href=\"https:\/\/divorciointeligente.com\/pt-br\/medidas-parentais\/\">medidas de filia\u00e7\u00e3o<\/a> quando a ruptura afeta diretamente a organiza\u00e7\u00e3o familiar.<\/p>\n\n<h2 class=\"wp-block-heading\"><strong>Os pais podem impedir que os av\u00f3s vejam seus netos?<\/strong><\/h2>\n\n<h3 class=\"wp-block-heading\"><strong>Quando existe uma \u201cjusta causa\u201d<\/strong><\/h3>\n\n<p>Embora a lei proteja a rela\u00e7\u00e3o entre av\u00f3s e netos, existem situa\u00e7\u00f5es em que o contato pode ser limitado ou at\u00e9 proibido. O conceito-chave aqui \u00e9 a <strong>\u201cjusta causa\u201d<\/strong>. <\/p>\n\n<p>Uma justa causa pode incluir situa\u00e7\u00f5es como:<\/p>\n\n<ul class=\"wp-block-list\">\n<li>Maus-tratos f\u00edsicos ou psicol\u00f3gicos.<\/li>\n\n\n\n<li>Condutas que coloquem o menor em risco.<\/li>\n\n\n\n<li>Manipula\u00e7\u00e3o emocional contra os pais.<\/li>\n\n\n\n<li>V\u00edcios graves ou problemas de sa\u00fade que impe\u00e7am o cuidado adequado.<\/li>\n<\/ul>\n\n<p>Nesses casos, o juiz pode considerar que o contato n\u00e3o \u00e9 ben\u00e9fico para a crian\u00e7a.<\/p>\n\n<h3 class=\"wp-block-heading\"><strong>Conflitos familiares e decis\u00f5es judiciais<\/strong><\/h3>\n\n<p>Um dos aspectos mais interessantes do direito de fam\u00edlia \u00e9 que cada caso \u00e9 diferente. N\u00e3o existem solu\u00e7\u00f5es universais. Os ju\u00edzes analisam a situa\u00e7\u00e3o concreta de cada fam\u00edlia antes de tomar uma decis\u00e3o.  <\/p>\n\n<p>Por exemplo, se os av\u00f3s tinham uma rela\u00e7\u00e3o pr\u00f3xima com os netos e o conflito se deve apenas a problemas entre adultos, o mais comum \u00e9 que o tribunal estabele\u00e7a visitas.<\/p>\n\n<p>Por outro lado, se o menor nunca teve rela\u00e7\u00e3o com os av\u00f3s ou se existe um conflito grave que possa afet\u00e1-lo emocionalmente, o juiz pode decidir limitar o contato.<\/p>\n\n<h2 class=\"wp-block-heading\"><strong>Como solicitar legalmente ver os netos<\/strong><\/h2>\n\n<h3 class=\"wp-block-heading\"><strong>Procedimento judicial passo a passo<\/strong><\/h3>\n\n<p>Quando os pais impedem o contato sem motivo, os av\u00f3s podem recorrer aos tribunais. O processo costuma seguir estes passos: <\/p>\n\n<ol class=\"wp-block-list\">\n<li>Apresentar uma peti\u00e7\u00e3o inicial na vara de fam\u00edlia.<\/li>\n\n\n\n<li>Contar com advogado e procurador.<\/li>\n\n\n\n<li>Explicar a rela\u00e7\u00e3o pr\u00e9via com o menor.<\/li>\n\n\n\n<li>Apresentar provas ou testemunhas.<\/li>\n<\/ol>\n\n<p>A solicita\u00e7\u00e3o \u00e9 tramitada normalmente por meio de <strong>ju\u00edzo verbal<\/strong>, um procedimento relativamente r\u00e1pido no \u00e2mbito civil.<\/p>\n\n<h3 class=\"wp-block-heading\"><strong>Fatores que os ju\u00edzes avaliam<\/strong><\/h3>\n\n<p>Os tribunais analisam v\u00e1rios elementos antes de tomar uma decis\u00e3o:<\/p>\n\n<figure class=\"wp-block-table\"><table class=\"has-fixed-layout\"><tbody><tr><td><strong>Fator<\/strong><\/td><td><strong>O que o juiz avalia<\/strong><\/td><\/tr><tr><td>Rela\u00e7\u00e3o pr\u00e9via<\/td><td>Se existia v\u00ednculo afetivo<\/td><\/tr><tr><td>Idade do menor<\/td><td>Necessidades emocionais<\/td><\/tr><tr><td>Dist\u00e2ncia geogr\u00e1fica<\/td><td>Facilidade para as visitas<\/td><\/tr><tr><td>Opini\u00e3o do menor<\/td><td>Se tem maturidade suficiente<\/td><\/tr><\/tbody><\/table><\/figure>\n\n<p>O objetivo final \u00e9 sempre o mesmo: garantir o bem-estar da crian\u00e7a.<\/p>\n\n<h2 class=\"wp-block-heading\"><strong>Direitos dos av\u00f3s em casos especiais<\/strong><\/h2>\n\n<h3 class=\"wp-block-heading\"><strong>Quando os pais se separam ou se divorciam<\/strong><\/h3>\n\n<p>O div\u00f3rcio \u00e9 uma das situa\u00e7\u00f5es em que mais surgem conflitos entre av\u00f3s e pais. Muitas vezes, um dos genitores rompe o contato com a fam\u00edlia do outro. <\/p>\n\n<p>A lei tenta evitar que o menor seja v\u00edtima desses conflitos. Por isso, os av\u00f3s podem solicitar visitas mesmo que um dos pais se oponha, especialmente em contextos onde tamb\u00e9m se discutem quest\u00f5es de <a href=\"https:\/\/divorciointeligente.com\/pt-br\/guarda-e-custodia\/\">guarda dos filhos<\/a> ou exerc\u00edcio do <a href=\"https:\/\/divorciointeligente.com\/pt-br\/poder-familiar\/\">poder familiar<\/a>. <\/p>\n\n<h3 class=\"wp-block-heading\"><strong>Quando um dos genitores falece<\/strong><\/h3>\n\n<p>Quando um dos pais falece, a rela\u00e7\u00e3o com os av\u00f3s do genitor falecido pode tornar-se ainda mais importante. Eles representam o v\u00ednculo com essa parte da fam\u00edlia e ajudam a crian\u00e7a a manter sua identidade familiar. <\/p>\n\n<p>Nesses casos, os tribunais costumam favorecer o contato.<\/p>\n\n<h3 class=\"wp-block-heading\"><strong>Quando os av\u00f3s podem solicitar a guarda<\/strong><\/h3>\n\n<p>Embora seja menos frequente, em situa\u00e7\u00f5es extremas os av\u00f3s podem solicitar a <strong>guarda do menor<\/strong>. Isso ocorre quando os pais n\u00e3o podem se encarregar por abandono, doen\u00e7a ou incapacidade. <\/p>\n\n<p>O juiz s\u00f3 conceder\u00e1 essa medida se considerar que \u00e9 a melhor op\u00e7\u00e3o para o bem-estar da crian\u00e7a.<\/p>\n\n<h2 class=\"wp-block-heading\"><strong>Limites legais ao direito dos av\u00f3s<\/strong><\/h2>\n\n<h3 class=\"wp-block-heading\"><strong>Situa\u00e7\u00f5es em que o contato pode ser negado<\/strong><\/h3>\n\n<p>O direito dos av\u00f3s n\u00e3o \u00e9 ilimitado. Pode ser restringido se: <\/p>\n\n<ul class=\"wp-block-list\">\n<li>Existe perigo para o menor.<\/li>\n\n\n\n<li>A rela\u00e7\u00e3o gera conflitos graves.<\/li>\n\n\n\n<li>N\u00e3o h\u00e1 v\u00ednculo pr\u00e9vio.<\/li>\n<\/ul>\n\n<p>Os tribunais buscam sempre o equil\u00edbrio entre manter o v\u00ednculo familiar e proteger o menor.<\/p>\n\n<h2 class=\"wp-block-heading\"><strong>Conclus\u00e3o<\/strong><\/h2>\n\n<p>A rela\u00e7\u00e3o entre av\u00f3s e netos \u00e9 muito mais do que uma tradi\u00e7\u00e3o familiar. \u00c9 um v\u00ednculo emocional que pode marcar profundamente a vida de uma crian\u00e7a. Por isso, o sistema jur\u00eddico espanhol reconhece e protege esse contato.  <\/p>\n\n<p>Os av\u00f3s t\u00eam direito a se relacionar com seus netos e, se necess\u00e1rio, podem solicitar judicialmente um regime de visitas. No entanto, esse direito nunca est\u00e1 acima do interesse do menor, que sempre ser\u00e1 o crit\u00e9rio principal dos tribunais. <\/p>\n\n<p>Na pr\u00e1tica, os ju\u00edzes costumam favorecer o contato familiar quando n\u00e3o existe risco para a crian\u00e7a. A lei entende que manter o v\u00ednculo entre gera\u00e7\u00f5es fortalece a estabilidade emocional e o desenvolvimento dos menores. <\/p>\n\n<p>Em suma, mais do que um direito exclusivo dos av\u00f3s, trata-se de uma forma de proteger o bem-estar e a identidade familiar das crian\u00e7as.<\/p>\n\n<h2 class=\"wp-block-heading\"><strong>Perguntas frequentes sobre os direitos dos av\u00f3s<\/strong><\/h2>\n\n<h3 class=\"wp-block-heading\"><strong>1. Os av\u00f3s t\u00eam direito legal de ver seus netos?<\/strong><\/h3>\n\n<p>Sim. O C\u00f3digo Civil estabelece que n\u00e3o se pode impedir, sem causa justificada, a rela\u00e7\u00e3o entre av\u00f3s e netos. <\/p>\n\n<h3 class=\"wp-block-heading\"><strong>2. Os av\u00f3s podem pedir visitas se os pais se opuserem?<\/strong><\/h3>\n\n<p>Sim. Podem solicitar um regime de visitas na vara de fam\u00edlia. <\/p>\n\n<h3 class=\"wp-block-heading\"><strong>3. Um juiz pode obrigar os pais a permitirem visitas?<\/strong><\/h3>\n\n<p>Sim, se considerar que a rela\u00e7\u00e3o beneficia o menor.<\/p>\n\n<h3 class=\"wp-block-heading\"><strong>4. Os av\u00f3s podem pedir a guarda de seus netos?<\/strong><\/h3>\n\n<p>Apenas em casos excepcionais onde os pais n\u00e3o possam cuidar adequadamente do menor.<\/p>\n\n<h3 class=\"wp-block-heading\"><strong>5. Quando o contato com os av\u00f3s pode ser negado?<\/strong><\/h3>\n\n<p>Quando houver risco para o menor ou uma causa justificada que o aconselhe.<\/p>\n","protected":false},"excerpt":{"rendered":"<p>Se pensarmos na fam\u00edlia tradicional, \u00e9 dif\u00edcil imagin\u00e1-la sem a figura dos av\u00f3s. Al\u00e9m das hist\u00f3rias compartilhadas ou dos encontros familiares, os av\u00f3s desempenham um papel fundamental no desenvolvimento emocional e social dos menores. Sua presen\u00e7a traz estabilidade, transmiss\u00e3o de valores e uma conex\u00e3o intergeracional que enriquece o ambiente familiar. Por esse motivo, a rela\u00e7\u00e3o [&hellip;]<\/p>\n","protected":false},"author":2,"featured_media":2191,"comment_status":"open","ping_status":"open","sticky":false,"template":"","format":"standard","meta":{"_acf_changed":false,"footnotes":""},"categories":[18],"tags":[],"class_list":["post-2193","post","type-post","status-publish","format-standard","has-post-thumbnail","hentry","category-nacional"],"acf":[],"_links":{"self":[{"href":"https:\/\/divorciointeligente.com\/pt-br\/wp-json\/wp\/v2\/posts\/2193","targetHints":{"allow":["GET"]}}],"collection":[{"href":"https:\/\/divorciointeligente.com\/pt-br\/wp-json\/wp\/v2\/posts"}],"about":[{"href":"https:\/\/divorciointeligente.com\/pt-br\/wp-json\/wp\/v2\/types\/post"}],"author":[{"embeddable":true,"href":"https:\/\/divorciointeligente.com\/pt-br\/wp-json\/wp\/v2\/users\/2"}],"replies":[{"embeddable":true,"href":"https:\/\/divorciointeligente.com\/pt-br\/wp-json\/wp\/v2\/comments?post=2193"}],"version-history":[{"count":1,"href":"https:\/\/divorciointeligente.com\/pt-br\/wp-json\/wp\/v2\/posts\/2193\/revisions"}],"predecessor-version":[{"id":2195,"href":"https:\/\/divorciointeligente.com\/pt-br\/wp-json\/wp\/v2\/posts\/2193\/revisions\/2195"}],"wp:featuredmedia":[{"embeddable":true,"href":"https:\/\/divorciointeligente.com\/pt-br\/wp-json\/wp\/v2\/media\/2191"}],"wp:attachment":[{"href":"https:\/\/divorciointeligente.com\/pt-br\/wp-json\/wp\/v2\/media?parent=2193"}],"wp:term":[{"taxonomy":"category","embeddable":true,"href":"https:\/\/divorciointeligente.com\/pt-br\/wp-json\/wp\/v2\/categories?post=2193"},{"taxonomy":"post_tag","embeddable":true,"href":"https:\/\/divorciointeligente.com\/pt-br\/wp-json\/wp\/v2\/tags?post=2193"}],"curies":[{"name":"wp","href":"https:\/\/api.w.org\/{rel}","templated":true}]}}